{"id":1032770,"date":"2023-02-23T14:05:35","date_gmt":"2023-02-23T14:05:35","guid":{"rendered":"https:\/\/themeter.it\/sobre-nosotros-entrevista-con-officine-iadr-en-clic-lavoro\/"},"modified":"2025-01-09T11:53:00","modified_gmt":"2025-01-09T11:53:00","slug":"sobre-nosotros-entrevista-con-officine-iadr-en-clic-lavoro","status":"publish","type":"post","link":"https:\/\/themeter.assistenzawponline.net\/es\/sobre-nosotros-entrevista-con-officine-iadr-en-clic-lavoro\/","title":{"rendered":"Sobre nosotros: entrevista con Officine IADR en Clic Lavoro."},"content":{"rendered":"<p>OFFICINE IADR, INVESTIGACI\u00d3N Y DESARROLLO AL SERVICIO DE LA INNOVACI\u00d3N. La empresa genovesa particip\u00f3 en el CES de Las Vegas con su proyecto altamente innovador &#8220;The Meter&#8221;. <\/p><p>Cuenta el Director General:<\/p><p>\u201c<em>Un hito muy importante para nosotros es sin duda The Meter. Haber hecho realidad un sue\u00f1o que naci\u00f3 durante la universidad nos enorgullece especialmente. Haber sido capaces de convertir la idea en un proyecto y verlo despegar a pesar de las dificultades de la \u00e9poca de las covachuelas nos hace sentirnos a\u00fan m\u00e1s satisfechos, al igual que haber recibido una menci\u00f3n honor\u00edfica en la edici\u00f3n del Compasso D&#8217;Oro. Otro logro es haber producido The Meter en Italia y, sobre todo, haber facilitado y agilizado las mediciones espaciales. Un reto para el futuro es, sin duda, empezar a llevar nuestro producto y nuestra filosof\u00eda topogr\u00e1fica a Europa y, por qu\u00e9 no, tambi\u00e9n al mundo, para hacer m\u00e1s inteligentes las mediciones de espacios.    <\/em><\/p>","protected":false},"excerpt":{"rendered":"<p>OFFICINE IADR, INVESTIGACI\u00d3N Y DESARROLLO AL SERVICIO DE LA INNOVACI\u00d3N. La empresa genovesa particip\u00f3 en el CES de Las Vegas con su proyecto altamente innovador &#8220;The Meter&#8221;. Cuenta el Director General: \u201cUn hito muy importante para nosotros es sin duda The Meter. Haber hecho realidad un sue\u00f1o que naci\u00f3 durante la universidad nos enorgullece especialmente. [&hellip;]<\/p>\n","protected":false},"author":13,"featured_media":1031125,"comment_status":"closed","ping_status":"open","sticky":false,"template":"","format":"standard","meta":{"inline_featured_image":false,"footnotes":""},"categories":[118],"tags":[],"class_list":["post-1032770","post","type-post","status-publish","format-standard","has-post-thumbnail","hentry","category-noticias","grve-entry-item","grve-blog-item"],"_links":{"self":[{"href":"https:\/\/themeter.assistenzawponline.net\/es\/wp-json\/wp\/v2\/posts\/1032770","targetHints":{"allow":["GET"]}}],"collection":[{"href":"https:\/\/themeter.assistenzawponline.net\/es\/wp-json\/wp\/v2\/posts"}],"about":[{"href":"https:\/\/themeter.assistenzawponline.net\/es\/wp-json\/wp\/v2\/types\/post"}],"author":[{"embeddable":true,"href":"https:\/\/themeter.assistenzawponline.net\/es\/wp-json\/wp\/v2\/users\/13"}],"replies":[{"embeddable":true,"href":"https:\/\/themeter.assistenzawponline.net\/es\/wp-json\/wp\/v2\/comments?post=1032770"}],"version-history":[{"count":0,"href":"https:\/\/themeter.assistenzawponline.net\/es\/wp-json\/wp\/v2\/posts\/1032770\/revisions"}],"wp:featuredmedia":[{"embeddable":true,"href":"https:\/\/themeter.assistenzawponline.net\/es\/wp-json\/wp\/v2\/media\/1031125"}],"wp:attachment":[{"href":"https:\/\/themeter.assistenzawponline.net\/es\/wp-json\/wp\/v2\/media?parent=1032770"}],"wp:term":[{"taxonomy":"category","embeddable":true,"href":"https:\/\/themeter.assistenzawponline.net\/es\/wp-json\/wp\/v2\/categories?post=1032770"},{"taxonomy":"post_tag","embeddable":true,"href":"https:\/\/themeter.assistenzawponline.net\/es\/wp-json\/wp\/v2\/tags?post=1032770"}],"curies":[{"name":"wp","href":"https:\/\/api.w.org\/{rel}","templated":true}]}}