{"id":1032782,"date":"2023-05-23T14:08:27","date_gmt":"2023-05-23T14:08:27","guid":{"rendered":"https:\/\/themeter.it\/the-meter-al-sed-2023\/"},"modified":"2025-01-09T14:24:47","modified_gmt":"2025-01-09T14:24:47","slug":"the-meter-al-sed-2023","status":"publish","type":"post","link":"https:\/\/themeter.assistenzawponline.net\/es\/the-meter-al-sed-2023\/","title":{"rendered":"The Meter al SED 2023"},"content":{"rendered":"<p>Por primera vez, Officine IADR presenta The Meter in Caserta en SED, la feria del centro y sur de Italia sobre edificaci\u00f3n, construcci\u00f3n, software y digitalizaci\u00f3n.<\/p><div class=\"wp-block-image\"><figure class=\"aligncenter size-full\"><img loading=\"lazy\" decoding=\"async\" width=\"1440\" height=\"1440\" src=\"https:\/\/themeter.it\/wp-content\/uploads\/SED2023-copia.webp\" alt=\"\" class=\"wp-image-1031130\" srcset=\"https:\/\/themeter.assistenzawponline.net\/wp-content\/uploads\/SED2023-copia.webp 1440w, https:\/\/themeter.assistenzawponline.net\/wp-content\/uploads\/SED2023-copia-768x768.webp 768w, https:\/\/themeter.assistenzawponline.net\/wp-content\/uploads\/SED2023-copia-560x560.webp 560w, https:\/\/themeter.assistenzawponline.net\/wp-content\/uploads\/SED2023-copia-900x900.webp 900w, https:\/\/themeter.assistenzawponline.net\/wp-content\/uploads\/SED2023-copia-300x300.webp 300w, https:\/\/themeter.assistenzawponline.net\/wp-content\/uploads\/SED2023-copia-600x600.webp 600w, https:\/\/themeter.assistenzawponline.net\/wp-content\/uploads\/SED2023-copia-100x100.webp 100w\" sizes=\"auto, (max-width: 1440px) 100vw, 1440px\" \/><\/figure><\/div><p>Recibimos muchas visitas en el stand y despertamos el entusiasmo, el inter\u00e9s y la curiosidad de quienes a\u00fan no nos conoc\u00edan.<\/p><p>S\u00edganos para estar al d\u00eda de los pr\u00f3ximos acontecimientos<\/p>","protected":false},"excerpt":{"rendered":"<p>Por primera vez, Officine IADR presenta The Meter in Caserta en SED, la feria del centro y sur de Italia sobre edificaci\u00f3n, construcci\u00f3n, software y digitalizaci\u00f3n. Recibimos muchas visitas en el stand y despertamos el entusiasmo, el inter\u00e9s y la curiosidad de quienes a\u00fan no nos conoc\u00edan. S\u00edganos para estar al d\u00eda de los pr\u00f3ximos [&hellip;]<\/p>\n","protected":false},"author":13,"featured_media":1031129,"comment_status":"closed","ping_status":"open","sticky":false,"template":"","format":"standard","meta":{"inline_featured_image":false,"footnotes":""},"categories":[118,138],"tags":[],"class_list":["post-1032782","post","type-post","status-publish","format-standard","has-post-thumbnail","hentry","category-noticias","category-sed-es","grve-entry-item","grve-blog-item"],"_links":{"self":[{"href":"https:\/\/themeter.assistenzawponline.net\/es\/wp-json\/wp\/v2\/posts\/1032782","targetHints":{"allow":["GET"]}}],"collection":[{"href":"https:\/\/themeter.assistenzawponline.net\/es\/wp-json\/wp\/v2\/posts"}],"about":[{"href":"https:\/\/themeter.assistenzawponline.net\/es\/wp-json\/wp\/v2\/types\/post"}],"author":[{"embeddable":true,"href":"https:\/\/themeter.assistenzawponline.net\/es\/wp-json\/wp\/v2\/users\/13"}],"replies":[{"embeddable":true,"href":"https:\/\/themeter.assistenzawponline.net\/es\/wp-json\/wp\/v2\/comments?post=1032782"}],"version-history":[{"count":0,"href":"https:\/\/themeter.assistenzawponline.net\/es\/wp-json\/wp\/v2\/posts\/1032782\/revisions"}],"wp:featuredmedia":[{"embeddable":true,"href":"https:\/\/themeter.assistenzawponline.net\/es\/wp-json\/wp\/v2\/media\/1031129"}],"wp:attachment":[{"href":"https:\/\/themeter.assistenzawponline.net\/es\/wp-json\/wp\/v2\/media?parent=1032782"}],"wp:term":[{"taxonomy":"category","embeddable":true,"href":"https:\/\/themeter.assistenzawponline.net\/es\/wp-json\/wp\/v2\/categories?post=1032782"},{"taxonomy":"post_tag","embeddable":true,"href":"https:\/\/themeter.assistenzawponline.net\/es\/wp-json\/wp\/v2\/tags?post=1032782"}],"curies":[{"name":"wp","href":"https:\/\/api.w.org\/{rel}","templated":true}]}}