{"id":1033224,"date":"2021-11-21T10:15:00","date_gmt":"2021-11-21T10:15:00","guid":{"rendered":"https:\/\/themeter.it\/made-expo-2021-the-meter-deja-su-impronta-en-made-expo-2021\/"},"modified":"2025-01-17T09:45:54","modified_gmt":"2025-01-17T09:45:54","slug":"made-expo-2021-the-meter-deja-su-impronta-en-made-expo-2021","status":"publish","type":"post","link":"https:\/\/themeter.assistenzawponline.net\/es\/made-expo-2021-the-meter-deja-su-impronta-en-made-expo-2021\/","title":{"rendered":"MADE EXPO 2021: The Meter deja su impronta en Made Expo 2021"},"content":{"rendered":"<p>Por primera vez, The Meter participa en MADE expo, la principal feria del sector del dise\u00f1o, la construcci\u00f3n y la edificaci\u00f3n.<\/p><p>Otra parada importante, esta vez en el Norte, para mostrar todo el potencial del dispositivo 2D y continuar con el proyecto de presentar y probar The Meter en directo a todos los profesionales del sector.<\/p>","protected":false},"excerpt":{"rendered":"<p>Por primera vez, The Meter participa en MADE expo, la principal feria del sector del dise\u00f1o, la construcci\u00f3n y la edificaci\u00f3n. Otra parada importante, esta vez en el Norte, para mostrar todo el potencial del dispositivo 2D y continuar con el proyecto de presentar y probar The Meter en directo a todos los profesionales del [&hellip;]<\/p>\n","protected":false},"author":13,"featured_media":1031113,"comment_status":"closed","ping_status":"open","sticky":false,"template":"","format":"standard","meta":{"inline_featured_image":false,"footnotes":""},"categories":[124,133],"tags":[],"class_list":["post-1033224","post","type-post","status-publish","format-standard","has-post-thumbnail","hentry","category-feria","category-made-es","grve-entry-item","grve-blog-item"],"_links":{"self":[{"href":"https:\/\/themeter.assistenzawponline.net\/es\/wp-json\/wp\/v2\/posts\/1033224","targetHints":{"allow":["GET"]}}],"collection":[{"href":"https:\/\/themeter.assistenzawponline.net\/es\/wp-json\/wp\/v2\/posts"}],"about":[{"href":"https:\/\/themeter.assistenzawponline.net\/es\/wp-json\/wp\/v2\/types\/post"}],"author":[{"embeddable":true,"href":"https:\/\/themeter.assistenzawponline.net\/es\/wp-json\/wp\/v2\/users\/13"}],"replies":[{"embeddable":true,"href":"https:\/\/themeter.assistenzawponline.net\/es\/wp-json\/wp\/v2\/comments?post=1033224"}],"version-history":[{"count":0,"href":"https:\/\/themeter.assistenzawponline.net\/es\/wp-json\/wp\/v2\/posts\/1033224\/revisions"}],"wp:featuredmedia":[{"embeddable":true,"href":"https:\/\/themeter.assistenzawponline.net\/es\/wp-json\/wp\/v2\/media\/1031113"}],"wp:attachment":[{"href":"https:\/\/themeter.assistenzawponline.net\/es\/wp-json\/wp\/v2\/media?parent=1033224"}],"wp:term":[{"taxonomy":"category","embeddable":true,"href":"https:\/\/themeter.assistenzawponline.net\/es\/wp-json\/wp\/v2\/categories?post=1033224"},{"taxonomy":"post_tag","embeddable":true,"href":"https:\/\/themeter.assistenzawponline.net\/es\/wp-json\/wp\/v2\/tags?post=1033224"}],"curies":[{"name":"wp","href":"https:\/\/api.w.org\/{rel}","templated":true}]}}