{"id":1032670,"date":"2024-09-19T22:43:00","date_gmt":"2024-09-19T22:43:00","guid":{"rendered":"https:\/\/themeter.it\/le-compteur-vedette-du-programme-cambio-casa-cambio-vita-dandrea-castrignano\/"},"modified":"2025-01-09T08:35:37","modified_gmt":"2025-01-09T08:35:37","slug":"le-compteur-vedette-du-programme-cambio-casa-cambio-vita-dandrea-castrignano","status":"publish","type":"post","link":"https:\/\/themeter.assistenzawponline.net\/fr\/le-compteur-vedette-du-programme-cambio-casa-cambio-vita-dandrea-castrignano\/","title":{"rendered":"Le compteur : vedette du programme &#8220;Cambio Casa, Cambio Vita&#8221; d&#8217;Andrea Castrignano"},"content":{"rendered":"<p>Nous sommes ravis d&#8217;annoncer que The Meter a particip\u00e9 au r\u00e9cent \u00e9pisode de l&#8217;\u00e9mission <em>Cambio Casa, Cambio Vita!<\/em> anim\u00e9e par l&#8217;architecte d&#8217;int\u00e9rieur Andrea Castrignano.<br\/>Cette collaboration a \u00e9t\u00e9 une excellente occasion de montrer comment notre technologie peut rendre le processus d&#8217;arpentage des espaces plus rapide, plus pr\u00e9cis et plus efficace.<\/p><p>Au cours du projet, Cube s&#8217;est r\u00e9v\u00e9l\u00e9 \u00eatre un outil essentiel pour la mesure pr\u00e9cise des pi\u00e8ces, permettant \u00e0 l&#8217;\u00e9quipe de Castrignano de se concentrer sur la conception sans avoir \u00e0 g\u00e9rer des retards ou des impr\u00e9cisions. La possibilit\u00e9 d&#8217;obtenir rapidement des relev\u00e9s d\u00e9taill\u00e9s a consid\u00e9rablement acc\u00e9l\u00e9r\u00e9 le travail, facilitant la transformation sans faille de l&#8217;appartement. <\/p><figure class=\"wp-block-gallery has-nested-images columns-default is-cropped wp-block-gallery-1 is-layout-flex wp-block-gallery-is-layout-flex\"><figure class=\"wp-block-image size-full\"><img loading=\"lazy\" decoding=\"async\" width=\"1254\" height=\"762\" data-id=\"1031589\" src=\"https:\/\/themeter.it\/wp-content\/uploads\/castrignano5-1.webp\" alt=\"\" class=\"wp-image-1031589\" srcset=\"https:\/\/themeter.assistenzawponline.net\/wp-content\/uploads\/castrignano5-1.webp 1254w, https:\/\/themeter.assistenzawponline.net\/wp-content\/uploads\/castrignano5-1-768x467.webp 768w, https:\/\/themeter.assistenzawponline.net\/wp-content\/uploads\/castrignano5-1-600x365.webp 600w\" sizes=\"auto, (max-width: 1254px) 100vw, 1254px\" \/><\/figure>\n\n<figure class=\"wp-block-image size-full\"><img loading=\"lazy\" decoding=\"async\" width=\"1254\" height=\"762\" data-id=\"1031573\" src=\"https:\/\/themeter.it\/wp-content\/uploads\/castrignano1-1.webp\" alt=\"\" class=\"wp-image-1031573\" srcset=\"https:\/\/themeter.assistenzawponline.net\/wp-content\/uploads\/castrignano1-1.webp 1254w, https:\/\/themeter.assistenzawponline.net\/wp-content\/uploads\/castrignano1-1-768x467.webp 768w, https:\/\/themeter.assistenzawponline.net\/wp-content\/uploads\/castrignano1-1-600x365.webp 600w\" sizes=\"auto, (max-width: 1254px) 100vw, 1254px\" \/><\/figure>\n\n<figure class=\"wp-block-image size-full\"><img loading=\"lazy\" decoding=\"async\" width=\"1254\" height=\"762\" data-id=\"1031585\" src=\"https:\/\/themeter.it\/wp-content\/uploads\/castrignano4-1.webp\" alt=\"\" class=\"wp-image-1031585\" srcset=\"https:\/\/themeter.assistenzawponline.net\/wp-content\/uploads\/castrignano4-1.webp 1254w, https:\/\/themeter.assistenzawponline.net\/wp-content\/uploads\/castrignano4-1-768x467.webp 768w, https:\/\/themeter.assistenzawponline.net\/wp-content\/uploads\/castrignano4-1-600x365.webp 600w\" sizes=\"auto, (max-width: 1254px) 100vw, 1254px\" \/><\/figure>\n\n<figure class=\"wp-block-image size-full\"><img loading=\"lazy\" decoding=\"async\" width=\"1254\" height=\"762\" data-id=\"1031581\" src=\"https:\/\/themeter.it\/wp-content\/uploads\/castrignano3-1.webp\" alt=\"\" class=\"wp-image-1031581\" srcset=\"https:\/\/themeter.assistenzawponline.net\/wp-content\/uploads\/castrignano3-1.webp 1254w, https:\/\/themeter.assistenzawponline.net\/wp-content\/uploads\/castrignano3-1-768x467.webp 768w, https:\/\/themeter.assistenzawponline.net\/wp-content\/uploads\/castrignano3-1-600x365.webp 600w\" sizes=\"auto, (max-width: 1254px) 100vw, 1254px\" \/><\/figure>\n\n<figure class=\"wp-block-image size-full\"><img loading=\"lazy\" decoding=\"async\" width=\"1254\" height=\"762\" data-id=\"1031577\" src=\"https:\/\/themeter.it\/wp-content\/uploads\/castrignano2-1.webp\" alt=\"\" class=\"wp-image-1031577\" srcset=\"https:\/\/themeter.assistenzawponline.net\/wp-content\/uploads\/castrignano2-1.webp 1254w, https:\/\/themeter.assistenzawponline.net\/wp-content\/uploads\/castrignano2-1-768x467.webp 768w, https:\/\/themeter.assistenzawponline.net\/wp-content\/uploads\/castrignano2-1-600x365.webp 600w\" sizes=\"auto, (max-width: 1254px) 100vw, 1254px\" \/><\/figure><\/figure><p>Nous sommes fiers d&#8217;avoir contribu\u00e9 \u00e0 la cr\u00e9ation d&#8217;espaces esth\u00e9tiques et fonctionnels en soutenant l&#8217;\u00e9quipe avec un outil technologique de pointe. Notre objectif est de continuer \u00e0 fournir des solutions qui peuvent am\u00e9liorer l&#8217;efficacit\u00e9 des professionnels du secteur de la conception et de la r\u00e9novation. <\/p><p>Participer \u00e0 <em>Cambio Casa, Cambio Vita!<\/em> a \u00e9t\u00e9 un plaisir, et voir The Meter \u00e0 l&#8217;\u0153uvre dans un contexte aussi prestigieux a confirm\u00e9 la valeur de notre technologie.<br\/>Si vous voulez savoir comment The Meter peut faire la diff\u00e9rence dans vos projets, ne manquez pas l&#8217;\u00e9pisode d\u00e9di\u00e9 et laissez-vous inspirer par les r\u00e9sultats!<\/p><figure class=\"wp-block-embed is-type-video is-provider-youtube wp-block-embed-youtube wp-embed-aspect-16-9 wp-has-aspect-ratio\"><div class=\"wp-block-embed__wrapper\"> \n<iframe loading=\"lazy\" title=\"INTERVENTO TECNICO THE METER\" width=\"1080\" height=\"608\" src=\"https:\/\/www.youtube.com\/embed\/6zaFA3E8noM?feature=oembed\" frameborder=\"0\" allow=\"accelerometer; autoplay; clipboard-write; encrypted-media; gyroscope; picture-in-picture; web-share\" referrerpolicy=\"strict-origin-when-cross-origin\" allowfullscreen><\/iframe>\n <\/div><\/figure>","protected":false},"excerpt":{"rendered":"<p>Nous sommes ravis d&#8217;annoncer que The Meter a particip\u00e9 au r\u00e9cent \u00e9pisode de l&#8217;\u00e9mission Cambio Casa, Cambio Vita! anim\u00e9e par l&#8217;architecte d&#8217;int\u00e9rieur Andrea Castrignano.Cette collaboration a \u00e9t\u00e9 une excellente occasion de montrer comment notre technologie peut rendre le processus d&#8217;arpentage des espaces plus rapide, plus pr\u00e9cis et plus efficace. Au cours du projet, Cube s&#8217;est [&hellip;]<\/p>\n","protected":false},"author":13,"featured_media":1031571,"comment_status":"closed","ping_status":"open","sticky":false,"template":"","format":"standard","meta":{"inline_featured_image":false,"footnotes":""},"categories":[121,120],"tags":[],"class_list":["post-1032670","post","type-post","status-publish","format-standard","has-post-thumbnail","hentry","category-castrignano-fr","category-nouvelles","grve-entry-item","grve-blog-item"],"_links":{"self":[{"href":"https:\/\/themeter.assistenzawponline.net\/fr\/wp-json\/wp\/v2\/posts\/1032670","targetHints":{"allow":["GET"]}}],"collection":[{"href":"https:\/\/themeter.assistenzawponline.net\/fr\/wp-json\/wp\/v2\/posts"}],"about":[{"href":"https:\/\/themeter.assistenzawponline.net\/fr\/wp-json\/wp\/v2\/types\/post"}],"author":[{"embeddable":true,"href":"https:\/\/themeter.assistenzawponline.net\/fr\/wp-json\/wp\/v2\/users\/13"}],"replies":[{"embeddable":true,"href":"https:\/\/themeter.assistenzawponline.net\/fr\/wp-json\/wp\/v2\/comments?post=1032670"}],"version-history":[{"count":0,"href":"https:\/\/themeter.assistenzawponline.net\/fr\/wp-json\/wp\/v2\/posts\/1032670\/revisions"}],"wp:featuredmedia":[{"embeddable":true,"href":"https:\/\/themeter.assistenzawponline.net\/fr\/wp-json\/wp\/v2\/media\/1031571"}],"wp:attachment":[{"href":"https:\/\/themeter.assistenzawponline.net\/fr\/wp-json\/wp\/v2\/media?parent=1032670"}],"wp:term":[{"taxonomy":"category","embeddable":true,"href":"https:\/\/themeter.assistenzawponline.net\/fr\/wp-json\/wp\/v2\/categories?post=1032670"},{"taxonomy":"post_tag","embeddable":true,"href":"https:\/\/themeter.assistenzawponline.net\/fr\/wp-json\/wp\/v2\/tags?post=1032670"}],"curies":[{"name":"wp","href":"https:\/\/api.w.org\/{rel}","templated":true}]}}